{"id":333,"date":"2022-09-20T07:35:31","date_gmt":"2022-09-20T05:35:31","guid":{"rendered":"https:\/\/ohndorf.de\/?p=333"},"modified":"2022-09-25T11:07:48","modified_gmt":"2022-09-25T09:07:48","slug":"endlich-wieder-erntefest","status":"publish","type":"post","link":"https:\/\/ohndorf.de\/index.php\/2022\/09\/20\/endlich-wieder-erntefest\/","title":{"rendered":"Endlich wieder Erntefest"},"content":{"rendered":"\n<p>Endlich! Nach zwei Jahren Zwangspause konnten wir endlich wieder ohne Einschr\u00e4nkungen unser Erntefest feiern. Los ging es am Freitag, den 16.09.2022, mit einer Zeltdisco, gefolgt vom Abholen der Erntekrone mit anschlie\u00dfender Party am Sonnabend und dem traditionellen Katerfr\u00fchst\u00fcck am Sonntag.<\/p>\n\n\n\n<!--more-->\n\n\n\n<p>Das Wetter meinte es leider nicht so gut mit uns. Statt T-Shirt und Strohhut waren dieses Mal lange Unterhosen und Regenschirme gefragt. Sicherlich, den Regen k\u00f6nnen wir gebrauchen, aber er h\u00e4tte ruhig noch einige Tage warten k\u00f6nnen. Doch wir Ohndorfer lassen uns die Stimmung durch so&#8217;n bisschen Regen nicht vermiesen.<\/p>\n\n\n\n<p>Knapp 1.000 G\u00e4ste feierten bei der Zeltdisco zu den Beats des Discoteams bis in die fr\u00fchen Morgenstunden des n\u00e4chsten Tages. Nach einigen Stunden Pause begann der traditionelle Teil des Festes. Gemeinsam machten sich die Ohndorferinnen und Ohndorfer auf dem Weg zum Erntebauern. In diesem Jahr waren das Marion und Christian Reese auf der Breitenhast. Obwohl nur einen Steinwurf vom Nachbardorf Hohnhorst entfernt, geh\u00f6rt der Hof doch zu Ohndorf.<\/p>\n\n\n\n<p>Vor Ort sahen die Besucher auch erstmals die kunstvoll gebundene Erntekrone. Diese wird in den Tagen vor dem Erntefest von der Dorfjugend gebunden. Normalerweise ist sie sehr farbenfroh. Doch in diesem Jahr war sie eher schlicht gehalten. Passend zur aktuellen Lage auf der Welt.<\/p>\n\n\n\n<p>Liedvortr\u00e4ge des Gesangvereins lockerten die Gru\u00dfworte auf und f\u00fchrten zu den H\u00f6hepunkten. Zun\u00e4chst f\u00fchrte die Dorfjugend einen Trachtentanz auf. Im Anschluss folgte der Ehrentanz der Erntebauern mit der Erntekrone. Anschlie\u00dfend setzte sich der Tross wieder in Bewegung. Vorweg trugen die Jugendlichen die Erntekrone und es folgten mehrere Wagengespanne mit den Besuchern.<\/p>\n\n\n\n<p>Am Festzelt startete dann die zweite gro\u00dfe Party mit einer Liveband. Wiederum bis in die fr\u00fchen Morgenstunden des Sonntags.<\/p>\n\n\n\n<p>Der Sonntag begann mit einem Festumzug zum Abholen der Majest\u00e4ten. Jugendk\u00f6nigin wurde Lea Windheim. Nach dem Anbringen der Scheibe ging es weiter durch Dammstra\u00dfe, Mathfeld und Neue Stra\u00dfe in die Fl\u00fctstra\u00dfe. Erntek\u00f6nigin wurde in 2022 Melanie Clemens. Sie erwies sich als au\u00dferordentlich treffsicher und lie\u00df alle weiteren Teilnehmer hinter sich.<\/p>\n\n\n\n<p>Der Rundmarsch f\u00fchrte mit Begleitung der Wunstorfer Auetaler dann durch die Kapellenstra\u00dfe, D\u00fcsternstra\u00dfe und Schulstra\u00dfe wieder zur\u00fcck zum Festplatz. Dort spielten die Kapelle noch einmal richtig auf und brachte das Zelt zum Toben. Anschlie\u00dfend fand das Katerfr\u00fchst\u00fcck statt. Ausgestattet mit ordentlich Freibier dauerte auch die Party bis in den Abend.<\/p>\n\n\n\n<p>Es war sch\u00f6n und wir freuen uns heute schon auf das Erntefest im n\u00e4chsten Jahr!   <\/p>\n\n\n\n<div style=\"height:30px\" aria-hidden=\"true\" class=\"wp-block-spacer\"><\/div>\n\n\n\n<div class=\"wp-block-buttons is-content-justification-center is-layout-flex wp-container-core-buttons-is-layout-a89b3969 wp-block-buttons-is-layout-flex\">\n<div class=\"wp-block-button is-style-fill\"><a class=\"wp-block-button__link has-ast-global-color-6-color has-text-color\" href=\"https:\/\/ohndorf.de\/index.php\/2022\/09\/24\/fotogalerie-zum-erntefest-2022\/\">Zur Bildergalerie vom Erntefest hier klicken!<\/a><\/div>\n<\/div>\n","protected":false},"excerpt":{"rendered":"<p>Endlich! Nach zwei Jahren Zwangspause konnten wir endlich wieder ohne Einschr\u00e4nkungen unser Erntefest feiern. Los ging es am Freitag, den 16.09.2022, mit einer Zeltdisco, gefolgt vom Abholen der Erntekrone mit anschlie\u00dfender Party am Sonnabend und &hellip;<\/p>\n<p class=\"read-more\"> <a class=\"\" href=\"https:\/\/ohndorf.de\/index.php\/2022\/09\/20\/endlich-wieder-erntefest\/\"> <span class=\"screen-reader-text\">Endlich wieder Erntefest<\/span> weiterlesen<\/a><\/p>\n","protected":false},"author":1,"featured_media":335,"comment_status":"closed","ping_status":"open","sticky":false,"template":"","format":"standard","meta":{"_uag_custom_page_level_css":"","site-sidebar-layout":"default","site-content-layout":"default","ast-global-header-display":"","ast-main-header-display":"","ast-hfb-above-header-display":"","ast-hfb-below-header-display":"","ast-hfb-mobile-header-display":"","site-post-title":"","ast-breadcrumbs-content":"","ast-featured-img":"","footer-sml-layout":"","theme-transparent-header-meta":"","adv-header-id-meta":"","stick-header-meta":"","header-above-stick-meta":"","header-main-stick-meta":"","header-below-stick-meta":"","footnotes":""},"categories":[15],"tags":[3,22,4],"class_list":["post-333","post","type-post","status-publish","format-standard","has-post-thumbnail","hentry","category-blog","tag-erntefest","tag-gemeinschaft","tag-party"],"uagb_featured_image_src":{"full":["https:\/\/ohndorf.de\/wp-content\/uploads\/2022\/09\/22-09-18_Erntefest_01-rotated.jpg",1200,900,false],"thumbnail":["https:\/\/ohndorf.de\/wp-content\/uploads\/2022\/09\/22-09-18_Erntefest_01-150x150.jpg",150,150,true],"medium":["https:\/\/ohndorf.de\/wp-content\/uploads\/2022\/09\/22-09-18_Erntefest_01-300x225.jpg",300,225,true],"medium_large":["https:\/\/ohndorf.de\/wp-content\/uploads\/2022\/09\/22-09-18_Erntefest_01-768x576.jpg",768,576,true],"large":["https:\/\/ohndorf.de\/wp-content\/uploads\/2022\/09\/22-09-18_Erntefest_01-1024x768.jpg",1024,768,true],"1536x1536":["https:\/\/ohndorf.de\/wp-content\/uploads\/2022\/09\/22-09-18_Erntefest_01-rotated.jpg",1200,900,false],"2048x2048":["https:\/\/ohndorf.de\/wp-content\/uploads\/2022\/09\/22-09-18_Erntefest_01-rotated.jpg",1200,900,false],"fpw_square":["https:\/\/ohndorf.de\/wp-content\/uploads\/2022\/09\/22-09-18_Erntefest_01-200x200.jpg",200,200,true],"fpw_banner":["https:\/\/ohndorf.de\/wp-content\/uploads\/2022\/09\/22-09-18_Erntefest_01-400x150.jpg",400,150,true],"fpw_big":["https:\/\/ohndorf.de\/wp-content\/uploads\/2022\/09\/22-09-18_Erntefest_01-400x300.jpg",400,300,true]},"uagb_author_info":{"display_name":"Marco Thiele","author_link":"https:\/\/ohndorf.de\/index.php\/author\/mthiele\/"},"uagb_comment_info":0,"uagb_excerpt":"Endlich! Nach zwei Jahren Zwangspause konnten wir endlich wieder ohne Einschr\u00e4nkungen unser Erntefest feiern. Los ging es am Freitag, den 16.09.2022, mit einer Zeltdisco, gefolgt vom Abholen der Erntekrone mit anschlie\u00dfender Party am Sonnabend und &hellip; Endlich wieder Erntefest weiterlesen","_links":{"self":[{"href":"https:\/\/ohndorf.de\/index.php\/wp-json\/wp\/v2\/posts\/333","targetHints":{"allow":["GET"]}}],"collection":[{"href":"https:\/\/ohndorf.de\/index.php\/wp-json\/wp\/v2\/posts"}],"about":[{"href":"https:\/\/ohndorf.de\/index.php\/wp-json\/wp\/v2\/types\/post"}],"author":[{"embeddable":true,"href":"https:\/\/ohndorf.de\/index.php\/wp-json\/wp\/v2\/users\/1"}],"replies":[{"embeddable":true,"href":"https:\/\/ohndorf.de\/index.php\/wp-json\/wp\/v2\/comments?post=333"}],"version-history":[{"count":5,"href":"https:\/\/ohndorf.de\/index.php\/wp-json\/wp\/v2\/posts\/333\/revisions"}],"predecessor-version":[{"id":382,"href":"https:\/\/ohndorf.de\/index.php\/wp-json\/wp\/v2\/posts\/333\/revisions\/382"}],"wp:featuredmedia":[{"embeddable":true,"href":"https:\/\/ohndorf.de\/index.php\/wp-json\/wp\/v2\/media\/335"}],"wp:attachment":[{"href":"https:\/\/ohndorf.de\/index.php\/wp-json\/wp\/v2\/media?parent=333"}],"wp:term":[{"taxonomy":"category","embeddable":true,"href":"https:\/\/ohndorf.de\/index.php\/wp-json\/wp\/v2\/categories?post=333"},{"taxonomy":"post_tag","embeddable":true,"href":"https:\/\/ohndorf.de\/index.php\/wp-json\/wp\/v2\/tags?post=333"}],"curies":[{"name":"wp","href":"https:\/\/api.w.org\/{rel}","templated":true}]}}